{"id":44,"date":"2019-01-05T00:18:02","date_gmt":"2019-01-04T23:18:02","guid":{"rendered":"https:\/\/obas-matlas.u-strasbg.fr\/WP\/?p=44"},"modified":"2019-01-31T16:36:00","modified_gmt":"2019-01-31T15:36:00","slug":"une-vision-fine-des-cirrus-galactiques","status":"publish","type":"post","link":"https:\/\/matlas.astro.unistra.fr\/WP\/?p=44","title":{"rendered":"Une vision fine des cirrus galactiques"},"content":{"rendered":"\n<figure class=\"wp-block-image is-resized\"><a href=\"http:\/\/obas-matlas.u-strasbg.fr\/WP\/?attachment_id=45\"><img loading=\"lazy\" src=\"http:\/\/obas-matlas.u-strasbg.fr\/WP\/wp-content\/uploads\/2019\/01\/cirrus.jpg\" alt=\"\" class=\"wp-image-45\" width=\"658\" height=\"701\" srcset=\"https:\/\/matlas.astro.unistra.fr\/WP\/wp-content\/uploads\/2019\/01\/cirrus.jpg 944w, https:\/\/matlas.astro.unistra.fr\/WP\/wp-content\/uploads\/2019\/01\/cirrus-282x300.jpg 282w, https:\/\/matlas.astro.unistra.fr\/WP\/wp-content\/uploads\/2019\/01\/cirrus-768x818.jpg 768w\" sizes=\"(max-width: 658px) 100vw, 658px\" \/><\/a><\/figure>\n\n\n\n<p>En combinant des observations multi-longueur d&#8217;ondes obtenues depuis l&#8217;espace avec les satellites Planck et WISE et au sol avec le CFHT, une \u00e9quipe de chercheurs notamment du CNRS et du CEA est parvenu \u00e0 sonder la structure de la mati\u00e8re interstellaire avec une finesse in\u00e9gal\u00e9e. L&#8217;\u00e9tude a en particulier permis de d\u00e9terminer les propri\u00e9t\u00e9s de la turbulence interstellaire sur une gamme d&#8217;\u00e9chelles spatiales encore jamais atteinte: de 10 pc \u00e0&nbsp;&nbsp;0.01 pc. L\u2019innovation principale de ces travaux est l\u2019utilisation d\u2019un t\u00e9lescope optique (le CFHT) pour \u00e9tudier la structure de la mati\u00e8re \u00e0 tr\u00e8s grande r\u00e9solution spatiale, ce que ne permettent pas les observations classiques du milieu interstellaire effectu\u00e9es dans l&#8217;infrarouge. Ces travaux sont publi\u00e9s dans la revue&nbsp;<a href=\"http:\/\/www.aanda.org\/\">Astronomy and Astrophysics<\/a>.<br><\/p>\n\n\n\n<!--more-->\n\n\n\n<p>Une cartographie directe des nuages de poussi\u00e8res &#8211; les cirrus &#8211; situ\u00e9s \u00e0 juste quelques centaines de parsec du Soleil a pu \u00eatre r\u00e9alis\u00e9e en d\u00e9tectant la lumi\u00e8re diffus\u00e9e par les grains interstellaires. Des techniques d&#8217;observation profonde et de traitement d\u2019images sp\u00e9cifiques d\u00e9velopp\u00e9es dans le cadre du Large Programme&nbsp;<a href=\"http:\/\/irfu.cea.fr\/Projets\/matlas\/MATLAS\/MATLAS.html\">MATLAS&nbsp;<\/a>du CFHT ont r\u00e9v\u00e9l\u00e9 cette lumi\u00e8re de tr\u00e8s faible brillance. Elle se pr\u00e9sente sous forme d&#8217;un r\u00e9seau complexe de filaments de toutes tailles.<br><\/p>\n\n\n\n<p>Le gain en r\u00e9solution permet d&#8217;atteindre les \u00e9chelles o\u00f9 s\u2019effectue la dissipation d\u2019\u00e9nergie de la turbulence interstellaire. Comprendre le processus exact par lequel l\u2019\u00e9nergie cin\u00e9tique se dissipe est primordial puisqu\u2019il est au coeur de&nbsp;la formation des structures denses du milieu interstellaire o\u00f9 se forment ensuite les \u00e9toiles. Par exemple, des \u00e9tudes r\u00e9centes bas\u00e9es sur des observations infrarouges avec Herschel de nuages&nbsp;mol\u00e9culaires tendent \u00e0 montrer qu\u2019il existe des filaments ayant une taille transverse de 0.1 pc, peu importe leur masse. Ce fait observationnel a \u00e9t\u00e9 attribu\u00e9 \u00e0 l\u2019\u00e9chelle de dissipation&nbsp;de la turbulence via la diffusion ambipolaire (la friction entre les ions et les neutres). Les chercheurs ont d\u00e9montr\u00e9 que l\u2019\u00e9chelle de dissipation du milieu interstellaire diffus est plus petite que 0.01 pc, ce qui apporte des contraintes fortes sur le m\u00e9canisme&nbsp;exact responsable de cette dissipation.<\/p>\n\n\n\n<p>See: <a href=\"http:\/\/irfu.cea.fr\/dap\/Phocea\/Vie_des_labos\/Ast\/ast.php?t=actu&amp;id_ast=3803\">communiqu\u00e9 CEA&nbsp;<\/a>   &amp;  <a href=\"http:\/\/www.insu.cnrs.fr\/node\/5909\">communiqu\u00e9 CNRS<\/a><\/p>\n\n\n\n<p><\/p>\n","protected":false},"excerpt":{"rendered":"<p>En combinant des observations multi-longueur d&#8217;ondes obtenues depuis l&#8217;espace avec les satellites Planck et WISE et au sol avec le CFHT, une \u00e9quipe de chercheurs notamment du CNRS et du CEA est parvenu \u00e0 sonder la structure de la mati\u00e8re interstellaire avec une finesse in\u00e9gal\u00e9e. L&#8217;\u00e9tude a en particulier permis de d\u00e9terminer les propri\u00e9t\u00e9s de &hellip; <\/p>\n<p class=\"link-more\"><a href=\"https:\/\/matlas.astro.unistra.fr\/WP\/?p=44\" class=\"more-link\">Continue reading<span class=\"screen-reader-text\"> &#8220;Une vision fine des cirrus galactiques&#8221;<\/span><\/a><\/p>\n","protected":false},"author":1,"featured_media":0,"comment_status":"closed","ping_status":"closed","sticky":false,"template":"","format":"standard","meta":[],"categories":[3],"tags":[],"_links":{"self":[{"href":"https:\/\/matlas.astro.unistra.fr\/WP\/index.php?rest_route=\/wp\/v2\/posts\/44"}],"collection":[{"href":"https:\/\/matlas.astro.unistra.fr\/WP\/index.php?rest_route=\/wp\/v2\/posts"}],"about":[{"href":"https:\/\/matlas.astro.unistra.fr\/WP\/index.php?rest_route=\/wp\/v2\/types\/post"}],"author":[{"embeddable":true,"href":"https:\/\/matlas.astro.unistra.fr\/WP\/index.php?rest_route=\/wp\/v2\/users\/1"}],"replies":[{"embeddable":true,"href":"https:\/\/matlas.astro.unistra.fr\/WP\/index.php?rest_route=%2Fwp%2Fv2%2Fcomments&post=44"}],"version-history":[{"count":4,"href":"https:\/\/matlas.astro.unistra.fr\/WP\/index.php?rest_route=\/wp\/v2\/posts\/44\/revisions"}],"predecessor-version":[{"id":325,"href":"https:\/\/matlas.astro.unistra.fr\/WP\/index.php?rest_route=\/wp\/v2\/posts\/44\/revisions\/325"}],"wp:attachment":[{"href":"https:\/\/matlas.astro.unistra.fr\/WP\/index.php?rest_route=%2Fwp%2Fv2%2Fmedia&parent=44"}],"wp:term":[{"taxonomy":"category","embeddable":true,"href":"https:\/\/matlas.astro.unistra.fr\/WP\/index.php?rest_route=%2Fwp%2Fv2%2Fcategories&post=44"},{"taxonomy":"post_tag","embeddable":true,"href":"https:\/\/matlas.astro.unistra.fr\/WP\/index.php?rest_route=%2Fwp%2Fv2%2Ftags&post=44"}],"curies":[{"name":"wp","href":"https:\/\/api.w.org\/{rel}","templated":true}]}}